{"id":2039,"date":"2020-08-05T13:02:18","date_gmt":"2020-08-05T17:02:18","guid":{"rendered":"http:\/\/lpclex.com?p=2039"},"modified":"2023-12-16T19:49:15","modified_gmt":"2023-12-17T00:49:15","slug":"action-collective-contre-le-projet-echangeur-turcot","status":"publish","type":"post","link":"https:\/\/lpclex.com\/fr\/action-collective-contre-le-projet-echangeur-turcot\/","title":{"rendered":"R\u00e8glement approuv\u00e9 : Action collective concernant le projet &#8211; \u00e9changeur Turcot"},"content":{"rendered":"<div class=\"fusion-fullwidth fullwidth-box fusion-builder-row-1 hundred-percent-fullwidth non-hundred-percent-height-scrolling\" style=\"--awb-border-radius-top-left:0px;--awb-border-radius-top-right:0px;--awb-border-radius-bottom-right:0px;--awb-border-radius-bottom-left:0px;--awb-overflow:visible;--awb-flex-wrap:wrap;\" ><div class=\"fusion-builder-row fusion-row\"><div class=\"fusion-layout-column fusion_builder_column fusion-builder-column-0 fusion_builder_column_1_1 1_1 fusion-one-full fusion-column-first fusion-column-last\" style=\"--awb-bg-size:cover;\"><div class=\"fusion-column-wrapper fusion-flex-column-wrapper-legacy\"><div class=\"fusion-column-content-centered\"><div class=\"fusion-column-content\"><div class=\"fusion-image-element fusion-image-align-center in-legacy-container\" style=\"text-align:center;--awb-caption-title-font-family:var(--h2_typography-font-family);--awb-caption-title-font-weight:var(--h2_typography-font-weight);--awb-caption-title-font-style:var(--h2_typography-font-style);--awb-caption-title-size:var(--h2_typography-font-size);--awb-caption-title-transform:var(--h2_typography-text-transform);--awb-caption-title-line-height:var(--h2_typography-line-height);--awb-caption-title-letter-spacing:var(--h2_typography-letter-spacing);\"><div class=\"imageframe-align-center\"><span class=\" fusion-imageframe imageframe-none imageframe-1 hover-type-none\"><img decoding=\"async\" width=\"826\" height=\"619\" title=\"St-Jacques\" src=\"https:\/\/lpclex.com\/wp-content\/uploads\/2017\/02\/St-Jacques.jpg\" alt class=\"img-responsive wp-image-121012\"\/><\/span><\/div><\/div><\/div><\/div><div class=\"fusion-clearfix\"><\/div><\/div><\/div><div class=\"fusion-layout-column fusion_builder_column fusion-builder-column-1 fusion_builder_column_1_1 1_1 fusion-one-full fusion-column-first fusion-column-last\" style=\"--awb-bg-size:cover;\"><div class=\"fusion-column-wrapper fusion-flex-column-wrapper-legacy\"><div class=\"fusion-title title fusion-title-1 fusion-title-text fusion-title-size-three\" style=\"--awb-margin-top-small:0px;--awb-margin-right-small:0px;--awb-margin-bottom-small:20px;--awb-margin-left-small:0px;\"><h3 class=\"fusion-title-heading title-heading-left\" style=\"margin:0;\">Intitul\u00e9 de la cause :<\/h3><span class=\"awb-title-spacer\"><\/span><div class=\"title-sep-container\"><div class=\"title-sep sep-single sep-solid\" style=\"border-color:#e0dede;\"><\/div><\/div><\/div><div class=\"fusion-text fusion-text-1\"><p><em>Action collective concernant le projet &#8211; \u00e9changeur Turcot<\/em><\/p>\n<\/div><div class=\"fusion-clearfix\"><\/div><\/div><\/div><div class=\"fusion-layout-column fusion_builder_column fusion-builder-column-2 fusion_builder_column_1_1 1_1 fusion-one-full fusion-column-first fusion-column-last\" style=\"--awb-bg-size:cover;\"><div class=\"fusion-column-wrapper fusion-flex-column-wrapper-legacy\"><div class=\"fusion-title title fusion-title-2 fusion-title-text fusion-title-size-three\" style=\"--awb-margin-top-small:0px;--awb-margin-right-small:0px;--awb-margin-bottom-small:20px;--awb-margin-left-small:0px;\"><h3 class=\"fusion-title-heading title-heading-left\" style=\"margin:0;\">No de dossier de la Cour sup\u00e9rieure du Qu\u00e9bec :<\/h3><span class=\"awb-title-spacer\"><\/span><div class=\"title-sep-container\"><div class=\"title-sep sep-single sep-solid\" style=\"border-color:#e0dede;\"><\/div><\/div><\/div><div class=\"fusion-text fusion-text-2\"><p>500-06-000843-173<\/p>\n<\/div><div class=\"fusion-title title fusion-title-3 fusion-title-text fusion-title-size-three\" style=\"--awb-margin-top-small:0px;--awb-margin-right-small:0px;--awb-margin-bottom-small:20px;--awb-margin-left-small:0px;\"><h3 class=\"fusion-title-heading title-heading-left\" style=\"margin:0;\">R\u00e9sum\u00e9 de l&rsquo;affaire :<\/h3><span class=\"awb-title-spacer\"><\/span><div class=\"title-sep-container\"><div class=\"title-sep sep-single sep-solid\" style=\"border-color:#e0dede;\"><\/div><\/div><\/div><div class=\"fusion-text fusion-text-3\"><p>Le demandeur all\u00e8gue que le minist\u00e8re des Transports du Qu\u00e9bec a agi par n\u00e9gligence et en violation de son droit au jouissance paisible de ses biens. Le demandeur all\u00e8gue en outre que le bruit et la pollution caus\u00e9s par le projet \u00e9changeur Turcot ont caus\u00e9 \u00e0 lui et aux membres du Groupe des inconv\u00e9nients anormaux et intol\u00e9rables. Le minist\u00e8re des Transports du Qu\u00e9bec nie toute r\u00e9sponsabilit\u00e9. Les parties ont convenu d&rsquo;un r\u00e8glement, dont une copie est accessible ci-dessous.<\/p>\n<\/div><div class=\"fusion-title title fusion-title-4 fusion-title-text fusion-title-size-three\" style=\"--awb-margin-top-small:0px;--awb-margin-right-small:0px;--awb-margin-bottom-small:20px;--awb-margin-left-small:0px;\"><h3 class=\"fusion-title-heading title-heading-left\" style=\"margin:0;\">Groupe de r\u00e8glement :<\/h3><span class=\"awb-title-spacer\"><\/span><div class=\"title-sep-container\"><div class=\"title-sep sep-single sep-solid\" style=\"border-color:#e0dede;\"><\/div><\/div><\/div><div class=\"fusion-text fusion-text-4\"><p>Toutes les personnes physiques, qui, \u00e0 un moment donn\u00e9 depuis le 21 mars 2015, ont r\u00e9sid\u00e9 \u00e0 moins de 350 m\u00e8tres de la section de la rue Saint-Jacques, incluant le pont d\u2019\u00e9tagement, qui s\u2019\u00e9tend de l\u2019intersection avec l\u2019avenue Girouard \u00e0 l\u2019ouest jusqu\u2019\u00e0 l\u2019intersection avec le boulevard D\u00e9carie \u00e0 l\u2019est, dans la ville de Montr\u00e9al, arrondissement de Notre-Dame-de-Grace.<\/p>\n<\/div><div class=\"fusion-title title fusion-title-5 fusion-title-text fusion-title-size-three\" style=\"--awb-margin-top-small:0px;--awb-margin-right-small:0px;--awb-margin-bottom-small:20px;--awb-margin-left-small:0px;\"><h3 class=\"fusion-title-heading title-heading-left\" style=\"margin:0;\">Termes du r\u00e8glement :<\/h3><span class=\"awb-title-spacer\"><\/span><div class=\"title-sep-container\"><div class=\"title-sep sep-single sep-solid\" style=\"border-color:#e0dede;\"><\/div><\/div><\/div><div class=\"fusion-text fusion-text-5\"><p>L\u2019indemnisation des Membres admissibles se fera selon les modalit\u00e9s pr\u00e9vues au protocole de distribution (annexe 5 de la transaction dont une copie est accessible ci-dessous). Les Membres admissibles ont le droit de r\u00e9clamer les montants suivants (moins les honoraires des avocats du groupe, les co\u00fbts et les d\u00e9bours), sous r\u00e9serve de l&rsquo;approbation du Tribunal :<\/p>\n<ul>\n<li><strong>2016\u00a0:<\/strong> 85\u00a0$ par mois par r\u00e9clamation admissible<\/li>\n<li><strong>2017\u00a0:<\/strong> 55\u00a0$ par mois par r\u00e9clamation admissible<\/li>\n<\/ul>\n<p>Pour pouvoir r\u00e9clamer la compensation ci-dessus, les Membres admissibles doivent avoir r\u00e9sid\u00e9, \u00e0 tout moment en 2016 et 2017, \u00e0 l&rsquo;une des adresses indiqu\u00e9es ci-dessous :<\/p>\n<ul>\n<li>Num\u00e9ros de rue pairs de <strong>906 \u00e0 972<\/strong> inclusivement sur <strong>l\u2019avenue Addington<\/strong><\/li>\n<li>Num\u00e9ros de rue impairs de <strong>901 \u00e0 923<\/strong> inclusivement sur <strong>l\u2019avenue Girouard<\/strong><\/li>\n<li>Num\u00e9ros de rue impairs de <strong>5451 \u00e0 5493<\/strong> inclusivement sur la <strong>rue Saint-Jacques<\/strong><\/li>\n<\/ul>\n<\/div><div class=\"fusion-title title fusion-title-6 fusion-title-text fusion-title-size-three\" style=\"--awb-margin-top-small:0px;--awb-margin-right-small:0px;--awb-margin-bottom-small:20px;--awb-margin-left-small:0px;\"><h3 class=\"fusion-title-heading title-heading-left\" style=\"margin:0;\"><p>\u00c9tat de la demande :<\/p>\n<div class=\"title-sep-container\"><\/div><\/h3><span class=\"awb-title-spacer\"><\/span><div class=\"title-sep-container\"><div class=\"title-sep sep-single sep-solid\" style=\"border-color:#e0dede;\"><\/div><\/div><\/div><div class=\"fusion-text fusion-text-6\"><p>L\u2019action collective a \u00e9t\u00e9 autoris\u00e9e par la Cour sup\u00e9rieure du Qu\u00e9bec le 21 ao\u00fbt 2018. Le 4 ao\u00fbt 2020, la Cour a approuv\u00e9 le programme d&rsquo;avis de r\u00e8glement. Le 15 octobre 2020, la Cour a approuv\u00e9 la transaction.<\/p>\n<div class=\"fusion-layout-column fusion_builder_column fusion_builder_column_1_1 fusion-builder-column-3 fusion-one-full fusion-column-first fusion-column-last 1_1\">\n<div class=\"fusion-column-wrapper\" data-bg-url=\"\">\n<div class=\"fusion-clearfix\"><\/div>\n<\/div>\n<\/div>\n<div class=\"fusion-layout-column fusion_builder_column fusion_builder_column_1_1 fusion-builder-column-4 fusion-one-full fusion-column-first fusion-column-last 1_1\">\n<div class=\"fusion-column-wrapper\" data-bg-url=\"\">\n<div class=\"fusion-title title fusion-title-7 fusion-title-size-three fusion-border-below-title\"><\/div>\n<\/div>\n<\/div>\n<\/div><div class=\"fusion-clearfix\"><\/div><\/div><\/div><div class=\"fusion-layout-column fusion_builder_column fusion-builder-column-3 fusion_builder_column_1_1 1_1 fusion-one-full fusion-column-first fusion-column-last\" style=\"--awb-bg-size:cover;\"><div class=\"fusion-column-wrapper fusion-flex-column-wrapper-legacy\"><div class=\"fusion-title title fusion-title-7 fusion-title-text fusion-title-size-three\" style=\"--awb-margin-top-small:0px;--awb-margin-right-small:0px;--awb-margin-bottom-small:20px;--awb-margin-left-small:0px;\"><h3 class=\"fusion-title-heading title-heading-left\" style=\"margin:0;\">Documents : <em>projet &#8211; \u00e9changeur Turcot <\/em><\/h3><span class=\"awb-title-spacer\"><\/span><div class=\"title-sep-container\"><div class=\"title-sep sep-single sep-solid\" style=\"border-color:#e0dede;\"><\/div><\/div><\/div><div class=\"fusion-text fusion-text-7\"><p data-wp-editing=\"1\"><img decoding=\"async\" class=\"alignnone wp-image-1233\" src=\"http:\/\/lpclex.com\/wp-content\/uploads\/2016\/09\/pdf_icon.ico\" alt=\"pdf_icon\" width=\"20\" height=\"20\" \/><a href=\"https:\/\/lpclex.com\/wp-content\/uploads\/2020\/08\/Final-Approval-Notice-EG-FR.pdf\">Avis final d&rsquo;approbation du r\u00e8glement &#8211; 15 octobre 2020<\/a><\/p>\n<p data-wp-editing=\"1\"><img decoding=\"async\" class=\"alignnone wp-image-1233\" src=\"http:\/\/lpclex.com\/wp-content\/uploads\/2016\/09\/pdf_icon.ico\" alt=\"pdf_icon\" width=\"20\" height=\"20\" \/><a href=\"https:\/\/lpclex.com\/wp-content\/uploads\/2020\/08\/500-06-000843-173_Paquin-c-PGQ_Judgment-approving-settlement_2020-10-15.pdf\">Jugement approuvant le r\u00e8glement &#8211; 15 octobre 2020<\/a><\/p>\n<p data-wp-editing=\"1\"><img decoding=\"async\" class=\"alignnone wp-image-1233\" src=\"http:\/\/lpclex.com\/wp-content\/uploads\/2016\/09\/pdf_icon.ico\" alt=\"pdf_icon\" width=\"20\" height=\"20\" \/><a href=\"https:\/\/lpclex.com\/wp-content\/uploads\/2020\/08\/Transaction_FINAL-signe\u0301e-PGQ.pdf\">Transaction &#8211; 4 ao\u00fbt 2020<\/a><\/p>\n<p><img decoding=\"async\" class=\"alignnone wp-image-1233\" src=\"http:\/\/lpclex.com\/wp-content\/uploads\/2016\/09\/pdf_icon.ico\" alt=\"pdf_icon\" width=\"20\" height=\"20\" \/><a href=\"https:\/\/lpclex.com\/wp-content\/uploads\/2020\/08\/Avis-de\u0301taille\u0301-Turcot-FR.pdf\">Avis d\u00e9taill\u00e9 &#8211; ao\u00fbt 2020<\/a><\/p>\n<p><img decoding=\"async\" class=\"alignnone wp-image-1233\" src=\"http:\/\/lpclex.com\/wp-content\/uploads\/2016\/09\/pdf_icon.ico\" alt=\"pdf_icon\" width=\"20\" height=\"20\" \/><a href=\"https:\/\/lpclex.com\/wp-content\/uploads\/2020\/08\/Avis-abre\u0301ge\u0301-Turcot-FR.pdf\">Avis abr\u00e9g\u00e9 &#8211; ao\u00fbt 2020<\/a><\/p>\n<p><img decoding=\"async\" class=\"alignnone wp-image-1233\" src=\"http:\/\/lpclex.com\/wp-content\/uploads\/2016\/09\/pdf_icon.ico\" alt=\"pdf_icon\" width=\"20\" height=\"20\" \/><a href=\"https:\/\/lpclex.com\/wp-content\/uploads\/2020\/08\/500-06-000843-173_Paquin-c-PGQ_Judgment-approving-notices-of-settlement_2020-08-04.pdf\">Jugement approuvant les avis de r\u00e8glement &#8211; 4 ao\u00fbt 2020<\/a><\/p>\n<p><img decoding=\"async\" class=\"alignnone wp-image-1233\" src=\"http:\/\/lpclex.com\/wp-content\/uploads\/2016\/09\/pdf_icon.ico\" alt=\"pdf_icon\" width=\"20\" height=\"20\" \/><a href=\"https:\/\/lpclex.com\/wp-content\/uploads\/2017\/02\/Turcot-2018qccs4379.pdf\">Jugement autorisant l&rsquo;action collective &#8211; 21 ao\u00fbt 2018<\/a><\/p>\n<p><img decoding=\"async\" class=\"alignnone wp-image-1233\" src=\"http:\/\/lpclex.com\/wp-content\/uploads\/2016\/09\/pdf_icon.ico\" alt=\"pdf_icon\" width=\"20\" height=\"20\" \/><a href=\"http:\/\/lpclex.com\/wp-content\/uploads\/2017\/02\/Amended-Application-to-authorize-MTQ-NOTIFIED-06APR2017.pdf\">Demande amend\u00e9e en autorisation d&rsquo;exercer une action collective -Projet Turcot<\/a><\/p>\n<\/div><div class=\"fusion-clearfix\"><\/div><\/div><\/div><\/div><\/div>\n","protected":false},"excerpt":{"rendered":"<p>Toutes les personnes physiques, qui, \u00e0 un moment donn\u00e9 depuis le 21 mars 2015, ont r\u00e9sid\u00e9 \u00e0 moins de 350 m\u00e8tres de la section de la rue Saint-Jacques, incluant le pont d\u2019\u00e9tagement, qui s\u2019\u00e9tend de l\u2019intersection avec l\u2019avenue Girouard \u00e0 l\u2019ouest jusqu\u2019\u00e0 l\u2019intersection avec le boulevard D\u00e9carie \u00e0 l\u2019est, dans la ville de Montr\u00e9al, arrondissement de Notre-Dame-de-Grace.<\/p>\n","protected":false},"author":4,"featured_media":100383,"comment_status":"closed","ping_status":"open","sticky":false,"template":"","format":"standard","meta":{"footnotes":""},"categories":[184],"tags":[],"class_list":["post-2039","post","type-post","status-publish","format-standard","has-post-thumbnail","hentry","category-reglements"],"_links":{"self":[{"href":"https:\/\/lpclex.com\/fr\/wp-json\/wp\/v2\/posts\/2039","targetHints":{"allow":["GET"]}}],"collection":[{"href":"https:\/\/lpclex.com\/fr\/wp-json\/wp\/v2\/posts"}],"about":[{"href":"https:\/\/lpclex.com\/fr\/wp-json\/wp\/v2\/types\/post"}],"author":[{"embeddable":true,"href":"https:\/\/lpclex.com\/fr\/wp-json\/wp\/v2\/users\/4"}],"replies":[{"embeddable":true,"href":"https:\/\/lpclex.com\/fr\/wp-json\/wp\/v2\/comments?post=2039"}],"version-history":[{"count":18,"href":"https:\/\/lpclex.com\/fr\/wp-json\/wp\/v2\/posts\/2039\/revisions"}],"predecessor-version":[{"id":671631,"href":"https:\/\/lpclex.com\/fr\/wp-json\/wp\/v2\/posts\/2039\/revisions\/671631"}],"wp:featuredmedia":[{"embeddable":true,"href":"https:\/\/lpclex.com\/fr\/wp-json\/wp\/v2\/media\/100383"}],"wp:attachment":[{"href":"https:\/\/lpclex.com\/fr\/wp-json\/wp\/v2\/media?parent=2039"}],"wp:term":[{"taxonomy":"category","embeddable":true,"href":"https:\/\/lpclex.com\/fr\/wp-json\/wp\/v2\/categories?post=2039"},{"taxonomy":"post_tag","embeddable":true,"href":"https:\/\/lpclex.com\/fr\/wp-json\/wp\/v2\/tags?post=2039"}],"curies":[{"name":"wp","href":"https:\/\/api.w.org\/{rel}","templated":true}]}}