{"id":1071349,"date":"2023-12-19T09:43:07","date_gmt":"2023-12-19T14:43:07","guid":{"rendered":"https:\/\/lpclex.com\/?p=1071349"},"modified":"2025-03-18T18:27:55","modified_gmt":"2025-03-18T22:27:55","slug":"pharmaprix-ecofrais","status":"publish","type":"post","link":"https:\/\/lpclex.com\/fr\/pharmaprix-ecofrais\/","title":{"rendered":"Pharmaprix \u00e9cofrais &#8211; r\u00e8glement de l&rsquo;action collective (Qu\u00e9bec)"},"content":{"rendered":"<div class=\"fusion-fullwidth fullwidth-box fusion-builder-row-1 hundred-percent-fullwidth non-hundred-percent-height-scrolling\" style=\"--awb-border-radius-top-left:0px;--awb-border-radius-top-right:0px;--awb-border-radius-bottom-right:0px;--awb-border-radius-bottom-left:0px;--awb-overflow:visible;--awb-flex-wrap:wrap;\" ><div class=\"fusion-builder-row fusion-row\"><div class=\"fusion-layout-column fusion_builder_column fusion-builder-column-0 fusion_builder_column_1_1 1_1 fusion-one-full fusion-column-first fusion-column-last\" style=\"--awb-bg-size:cover;\"><div class=\"fusion-column-wrapper fusion-flex-column-wrapper-legacy\"><div class=\"fusion-column-content-centered\"><div class=\"fusion-column-content\"><div class=\"fusion-image-element fusion-image-align-center in-legacy-container\" style=\"text-align:center;--awb-max-width:500px;--awb-caption-title-font-family:var(--h2_typography-font-family);--awb-caption-title-font-weight:var(--h2_typography-font-weight);--awb-caption-title-font-style:var(--h2_typography-font-style);--awb-caption-title-size:var(--h2_typography-font-size);--awb-caption-title-transform:var(--h2_typography-text-transform);--awb-caption-title-line-height:var(--h2_typography-line-height);--awb-caption-title-letter-spacing:var(--h2_typography-letter-spacing);\"><div class=\"imageframe-align-center\"><span class=\" fusion-imageframe imageframe-none imageframe-1 hover-type-none\"><img decoding=\"async\" width=\"1008\" height=\"1024\" title=\"Pharmaprix\" src=\"https:\/\/lpclex.com\/wp-content\/uploads\/2024\/12\/Pharmaprix-1008x1024.jpg\" alt class=\"img-responsive wp-image-1071347\" srcset=\"https:\/\/lpclex.com\/wp-content\/uploads\/2024\/12\/Pharmaprix-200x203.jpg 200w, https:\/\/lpclex.com\/wp-content\/uploads\/2024\/12\/Pharmaprix-400x406.jpg 400w, https:\/\/lpclex.com\/wp-content\/uploads\/2024\/12\/Pharmaprix-600x609.jpg 600w, https:\/\/lpclex.com\/wp-content\/uploads\/2024\/12\/Pharmaprix-800x812.jpg 800w, https:\/\/lpclex.com\/wp-content\/uploads\/2024\/12\/Pharmaprix-1200x1219.jpg 1200w, https:\/\/lpclex.com\/wp-content\/uploads\/2024\/12\/Pharmaprix.jpg 1426w\" sizes=\"(max-width: 800px) 100vw, 1200px\" \/><\/span><\/div><\/div><\/div><\/div><div class=\"fusion-clearfix\"><\/div><\/div><\/div><div class=\"fusion-layout-column fusion_builder_column fusion-builder-column-1 fusion_builder_column_1_1 1_1 fusion-one-full fusion-column-first fusion-column-last\" style=\"--awb-bg-size:cover;\"><div class=\"fusion-column-wrapper fusion-flex-column-wrapper-legacy\"><div class=\"fusion-title title fusion-title-1 fusion-title-text fusion-title-size-three\" style=\"--awb-margin-top-small:0px;--awb-margin-right-small:0px;--awb-margin-bottom-small:20px;--awb-margin-left-small:0px;\"><h3 class=\"fusion-title-heading title-heading-left\" style=\"margin:0;\">Intitul\u00e9 de la cause :<\/h3><span class=\"awb-title-spacer\"><\/span><div class=\"title-sep-container\"><div class=\"title-sep sep-single sep-solid\" style=\"border-color:#e0dede;\"><\/div><\/div><\/div><div class=\"fusion-text fusion-text-1\" style=\"--awb-text-color:#000000;\"><p>Pharmaprix \u00e9cofrais &#8211; r\u00e8glement de l&rsquo;action collective au Qu\u00e9bec<\/p>\n<\/div><div class=\"fusion-title title fusion-title-2 fusion-title-text fusion-title-size-three\" style=\"--awb-margin-top-small:0px;--awb-margin-right-small:0px;--awb-margin-bottom-small:20px;--awb-margin-left-small:0px;\"><h3 class=\"fusion-title-heading title-heading-left\" style=\"margin:0;\">No de dossier de la Cour sup\u00e9rieure du Qu\u00e9bec :<\/h3><span class=\"awb-title-spacer\"><\/span><div class=\"title-sep-container\"><div class=\"title-sep sep-single sep-solid\" style=\"border-color:#e0dede;\"><\/div><\/div><\/div><div class=\"fusion-text fusion-text-2\"><div class=\"fusion-text fusion-text-2\">\n<p>500-06-001243-233<\/p>\n<\/div>\n<\/div><div class=\"fusion-title title fusion-title-3 fusion-title-text fusion-title-size-three\" style=\"--awb-margin-top-small:0px;--awb-margin-right-small:0px;--awb-margin-bottom-small:20px;--awb-margin-left-small:0px;\"><h3 class=\"fusion-title-heading title-heading-left\" style=\"margin:0;\">L&rsquo;objet de cette action collective :<\/h3><span class=\"awb-title-spacer\"><\/span><div class=\"title-sep-container\"><div class=\"title-sep sep-single sep-solid\" style=\"border-color:#e0dede;\"><\/div><\/div><\/div><div class=\"fusion-text fusion-text-3\" style=\"--awb-text-color:#000000;\"><p>Les r\u00e9clamations pr\u00e9sent\u00e9es contre Shoppers et Loblaw dans la Demande d\u2019autorisation sont essentiellement fond\u00e9es sur une all\u00e9gation selon laquelle Pharmaprix n\u2019a pas correctement annonc\u00e9 (affich\u00e9) le prix des produits soumis \u00e0 des \u00c9cofrais qu\u2019elle a mis en vente au Qu\u00e9bec, et qu\u2019elle a factur\u00e9 un prix total incluant des \u00c9cofrais plus \u00e9lev\u00e9s que celui affich\u00e9 pour ces produits ou autoris\u00e9 par la loi. Les d\u00e9fenderesses nient ces all\u00e9gations et les parties sont parvenues \u00e0 un r\u00e8glement sans aucune admission de responsabilit\u00e9.<\/p>\n<\/div><div class=\"fusion-title title fusion-title-4 fusion-title-text fusion-title-size-three\" style=\"--awb-margin-top-small:0px;--awb-margin-right-small:0px;--awb-margin-bottom-small:20px;--awb-margin-left-small:0px;\"><h3 class=\"fusion-title-heading title-heading-left\" style=\"margin:0;\">Groupe de r\u00e8glement :<\/h3><span class=\"awb-title-spacer\"><\/span><div class=\"title-sep-container\"><div class=\"title-sep sep-single sep-solid\" style=\"border-color:#e0dede;\"><\/div><\/div><\/div><div class=\"fusion-text fusion-text-4\" style=\"--awb-text-color:#000000;\"><p>Toutes les personnes physiques et morales dans la province de Qu\u00e9bec qui ont achet\u00e9 un produit assujetti \u00e0 des \u00e9cofrais dans un magasin Pharmaprix entre le 11 d\u00e9cembre 2019 et le 8 juin 2023.<\/p>\n<\/div><div class=\"fusion-title title fusion-title-5 fusion-title-text fusion-title-size-three\" style=\"--awb-margin-top-small:0px;--awb-margin-right-small:0px;--awb-margin-bottom-small:20px;--awb-margin-left-small:0px;\"><h3 class=\"fusion-title-heading title-heading-left\" style=\"margin:0;\">Le r\u00e8glement propos\u00e9 :<\/h3><span class=\"awb-title-spacer\"><\/span><div class=\"title-sep-container\"><div class=\"title-sep sep-single sep-solid\" style=\"border-color:#e0dede;\"><\/div><\/div><\/div><div class=\"fusion-text fusion-text-5\"><p>Shoppers a convenu de r\u00e9gler l\u2019action collective en \u00e9change d\u2019une quittance compl\u00e8te et finale de toutes les R\u00e9clamations quittanc\u00e9es, au sens d\u00e9fini dans l\u2019Entente de r\u00e8glement. Ceci inclut toute r\u00e9clamation selon laquelle le prix ou les \u00c9cofrais qu\u2019un magasin Pharmaprix a factur\u00e9s \u00e9taient sup\u00e9rieurs au prix ou aux \u00c9cofrais annonc\u00e9s ou affich\u00e9s pour le produit (par exemple, sur son emballage, sur une \u00e9tiquette-tablette, sur un \u00e9talage en magasin ou dans une publicit\u00e9, notamment sur un support technologique).<\/p>\n<p>L\u2019Entente de r\u00e8glement pr\u00e9voit ce qui suit, sous r\u00e9serve de l\u2019approbation de la Cour. Shoppers accepte un montant de r\u00e8glement de <strong>300\u00a0000,00\u00a0$<\/strong>. Cette somme est d\u00e9sign\u00e9e \u00e0 deux fins\u00a0: fournir une compensation aux Membres du groupe sous la forme d\u2019un rabais et payer les Honoraires et d\u00e9bours des avocats du groupe. Dans un premier temps, les honoraires juridiques et les taxes applicables seront soustraits du total du fonds de r\u00e8glement. Le solde sera alors enti\u00e8rement attribu\u00e9 aux rabais offerts aux clients. <strong>Le rabais sera de 50\u00a0% <\/strong><strong>sur le prix courant des piles achet\u00e9es dans un magasin Pharmaprix pendant quatre-vingt-dix (90) jours ou jusqu\u2019\u00e0 \u00e9puisement du fonds<\/strong>.<\/p>\n<\/div><div class=\"fusion-title title fusion-title-6 fusion-title-text fusion-title-size-three\" style=\"--awb-margin-top-small:0px;--awb-margin-right-small:0px;--awb-margin-bottom-small:20px;--awb-margin-left-small:0px;\"><h3 class=\"fusion-title-heading title-heading-left\" style=\"margin:0;\">D\u00c9SISTEMENT AU B\u00c9N\u00c9FICE DE LOBLAW<\/h3><span class=\"awb-title-spacer\"><\/span><div class=\"title-sep-container\"><div class=\"title-sep sep-single sep-solid\" style=\"border-color:#e0dede;\"><\/div><\/div><\/div><div class=\"fusion-text fusion-text-6\"><p>Dans le contexte de cette action collective, il y a eu un d\u00e9sistement relativement \u00e0 Loblaw. Si la Cour autorise le d\u00e9sistement, l\u2019action contre Loblaw prendra fin. Les d\u00e9lais de prescription ne seront plus suspendus.<\/p>\n<\/div><div class=\"fusion-title title fusion-title-7 fusion-title-text fusion-title-size-three\" style=\"--awb-margin-top-small:0px;--awb-margin-right-small:0px;--awb-margin-bottom-small:20px;--awb-margin-left-small:0px;\"><h3 class=\"fusion-title-heading title-heading-left\" style=\"margin:0;\">\u00c9tat de la demande :<\/h3><span class=\"awb-title-spacer\"><\/span><div class=\"title-sep-container\"><div class=\"title-sep sep-single sep-solid\" style=\"border-color:#e0dede;\"><\/div><\/div><\/div><div class=\"fusion-text fusion-text-7\" style=\"--awb-text-color:#000000;\"><p>Le 19 d\u00e9cembre 2024, la Cour sup\u00e9rieure du Qu\u00e9bec a autoris\u00e9 l&rsquo;action collective contre Pharmaprix \u00e0 des fins de r\u00e8glement seulement. L&rsquo;audience d&rsquo;approbation du r\u00e8glement est pr\u00e9vue pour le 20 mars 2025 \u00e0 9h30 au Palais de justice de Montr\u00e9al situ\u00e9 au 1, rue Notre-Dame Est, en salle 15.04 ou via TEAMS en cliquant <a href=\"https:\/\/teams.microsoft.com\/l\/meetup-join\/19%3ameeting_N2JhNDBiYTEtMzEwMy00OWQ1LTkyZGQtNTBjYjAyNzE3OTky%40thread.v2\/0?context=%7b%22Tid%22%3a%223f6dec78-7ded-4395-975c-6edbb7d10b16%22%2c%22Oid%22%3a%22f2de948d-851d-47f4-9953-579062f424eb%22%7d\"><span style=\"text-decoration: underline; color: #0000ff;\">ici<\/span><\/a>.<\/p>\n<\/div><div class=\"fusion-clearfix\"><\/div><\/div><\/div><div class=\"fusion-layout-column fusion_builder_column fusion-builder-column-2 fusion_builder_column_1_1 1_1 fusion-one-full fusion-column-first fusion-column-last\" style=\"--awb-bg-size:cover;\"><div class=\"fusion-column-wrapper fusion-flex-column-wrapper-legacy\"><div class=\"fusion-title title fusion-title-8 fusion-title-text fusion-title-size-three\" style=\"--awb-margin-top-small:0px;--awb-margin-right-small:0px;--awb-margin-bottom-small:20px;--awb-margin-left-small:0px;\"><h3 class=\"fusion-title-heading title-heading-left\" style=\"margin:0;\">Documents :<\/h3><span class=\"awb-title-spacer\"><\/span><div class=\"title-sep-container\"><div class=\"title-sep sep-single sep-solid\" style=\"border-color:#e0dede;\"><\/div><\/div><\/div><div class=\"fusion-text fusion-text-8\" style=\"--awb-text-color:#000000;\"><p><img decoding=\"async\" class=\"alignnone wp-image-1233\" src=\"http:\/\/lpclex.com\/wp-content\/uploads\/2016\/09\/pdf_icon.ico\" alt=\"pdf_icon\" width=\"20\" height=\"20\" \/><span style=\"color: #0000ff;\"><a style=\"color: #0000ff;\" href=\"https:\/\/lpclex.com\/wp-content\/uploads\/2023\/12\/2024-12-19-Schedule-B1-Long-Form-Notice.pdf\">Avis d\u00e9taill\u00e9 d\u2019audience d\u2019approbation d\u2019un r\u00e8glement, d\u2019exclusion et de d\u00e9sistement &#8211; 19 d\u00e9cembre 2024<\/a><\/span><\/p>\n<p><img decoding=\"async\" class=\"alignnone wp-image-1233\" src=\"http:\/\/lpclex.com\/wp-content\/uploads\/2016\/09\/pdf_icon.ico\" alt=\"pdf_icon\" width=\"20\" height=\"20\" \/><span style=\"color: #0000ff;\"><a style=\"color: #0000ff;\" href=\"https:\/\/lpclex.com\/wp-content\/uploads\/2023\/12\/2024-12-19-Annexe-B2-Avis-abrege-VF.pdf\">Avis abr\u00e9g\u00e9 d\u2019audience d\u2019approbation d\u2019un r\u00e8glement, d\u2019exclusion et de d\u00e9sistement &#8211; 19 d\u00e9cembre 2024<\/a><\/span><\/p>\n<p><img decoding=\"async\" class=\"alignnone wp-image-1233\" src=\"http:\/\/lpclex.com\/wp-content\/uploads\/2016\/09\/pdf_icon.ico\" alt=\"pdf_icon\" width=\"20\" height=\"20\" \/><span style=\"color: #0000ff;\"><a style=\"color: #0000ff;\" href=\"https:\/\/lpclex.com\/wp-content\/uploads\/2023\/12\/1.2-Exhibit-R-1.2-Settlement-Agreement-Pharmaprix-Traduction-francaise.pdf\">Entente de r\u00e8glement Pharmaprix (traduction fran\u00e7aise) &#8211; 15 octobre 2024<\/a><\/span><\/p>\n<p><img decoding=\"async\" class=\"alignnone wp-image-1233\" src=\"http:\/\/lpclex.com\/wp-content\/uploads\/2016\/09\/pdf_icon.ico\" alt=\"pdf_icon\" width=\"20\" height=\"20\" \/><span style=\"color: #0000ff;\"><a style=\"color: #0000ff;\" href=\"https:\/\/lpclex.com\/wp-content\/uploads\/2023\/12\/1.1-Exhibit-R-1.1-Settlement-Agreement-Ohayon-c.-Pharmaprix-Signed-Settlement-Agreement-Ohayon-c.-Pharmaprix-Signed-2024-10-15.pdf\">Entente de r\u00e8glement Pharmaprix (version anglaise officielle) &#8211; 15 octobre 2024<\/a><\/span><\/p>\n<p><img decoding=\"async\" class=\"alignnone wp-image-1233\" src=\"http:\/\/lpclex.com\/wp-content\/uploads\/2016\/09\/pdf_icon.ico\" alt=\"pdf_icon\" width=\"20\" height=\"20\" \/><span style=\"color: #0000ff;\"><a style=\"color: #0000ff;\" href=\"https:\/\/lpclex.com\/wp-content\/uploads\/2023\/12\/2024-12-19_JG_500-06-001243-233-approbation-avis-Pharmaprix.pdf\">Jugement autorisant l&rsquo;action collective contre Pharmaprix aux fins de r\u00e8glement &#8211; 19 d\u00e9cembre 2024<\/a><\/span><\/p>\n<p><img decoding=\"async\" class=\"alignnone wp-image-1233\" src=\"http:\/\/lpclex.com\/wp-content\/uploads\/2016\/09\/pdf_icon.ico\" alt=\"pdf_icon\" width=\"20\" height=\"20\" \/><span style=\"color: #0000ff;\"><a style=\"color: #0000ff;\" href=\"https:\/\/lpclex.com\/wp-content\/uploads\/2024\/02\/2nd-Re-Amended-Application-to-authorize-Ecofrais-NOTIFIED-21NOV2023_R.pdf\">2i\u00e8me Demande en autorisation r\u00e9-amend\u00e9e contre Dollarama \u2013 21 novembre 2023<\/a><\/span><\/p>\n<\/div><div class=\"fusion-clearfix\"><\/div><\/div><\/div><\/div><\/div>\n","protected":false},"excerpt":{"rendered":"<p>Toutes les personnes physiques et morales dans la province de Qu\u00e9bec qui ont achet\u00e9 un produit assujetti \u00e0 des \u00e9cofrais dans un magasin Pharmaprix entre le 11 d\u00e9cembre 2019 et le 8 juin 2023. <\/p>\n","protected":false},"author":4,"featured_media":1071363,"comment_status":"open","ping_status":"open","sticky":false,"template":"","format":"standard","meta":{"footnotes":""},"categories":[184],"tags":[],"class_list":["post-1071349","post","type-post","status-publish","format-standard","has-post-thumbnail","hentry","category-reglements"],"_links":{"self":[{"href":"https:\/\/lpclex.com\/fr\/wp-json\/wp\/v2\/posts\/1071349","targetHints":{"allow":["GET"]}}],"collection":[{"href":"https:\/\/lpclex.com\/fr\/wp-json\/wp\/v2\/posts"}],"about":[{"href":"https:\/\/lpclex.com\/fr\/wp-json\/wp\/v2\/types\/post"}],"author":[{"embeddable":true,"href":"https:\/\/lpclex.com\/fr\/wp-json\/wp\/v2\/users\/4"}],"replies":[{"embeddable":true,"href":"https:\/\/lpclex.com\/fr\/wp-json\/wp\/v2\/comments?post=1071349"}],"version-history":[{"count":3,"href":"https:\/\/lpclex.com\/fr\/wp-json\/wp\/v2\/posts\/1071349\/revisions"}],"predecessor-version":[{"id":1211633,"href":"https:\/\/lpclex.com\/fr\/wp-json\/wp\/v2\/posts\/1071349\/revisions\/1211633"}],"wp:featuredmedia":[{"embeddable":true,"href":"https:\/\/lpclex.com\/fr\/wp-json\/wp\/v2\/media\/1071363"}],"wp:attachment":[{"href":"https:\/\/lpclex.com\/fr\/wp-json\/wp\/v2\/media?parent=1071349"}],"wp:term":[{"taxonomy":"category","embeddable":true,"href":"https:\/\/lpclex.com\/fr\/wp-json\/wp\/v2\/categories?post=1071349"},{"taxonomy":"post_tag","embeddable":true,"href":"https:\/\/lpclex.com\/fr\/wp-json\/wp\/v2\/tags?post=1071349"}],"curies":[{"name":"wp","href":"https:\/\/api.w.org\/{rel}","templated":true}]}}